{"id":6827,"date":"2022-08-02T05:43:46","date_gmt":"2022-08-02T05:43:46","guid":{"rendered":"http:\/\/www.westfalia-hagen.de\/westfalia_neu\/?p=6827"},"modified":"2022-08-02T05:43:46","modified_gmt":"2022-08-02T05:43:46","slug":"stellungnahme-m-riesner","status":"publish","type":"post","link":"https:\/\/www.westfalia-hagen.de\/westfalia_neu\/2022\/08\/02\/stellungnahme-m-riesner\/","title":{"rendered":"Stellungnahme M.Riesner"},"content":{"rendered":"\n<p>Zum Zeitungsbericht am 29.07.2022 von Dominik Brendel (WP)<\/p>\n\n\n\n<p><a href=\"https:\/\/www.wp.de\/sport\/lokalsport\/hagen\/martin-riesner-ueber-bvb-frauen-finde-das-bemitleidenswert-id236023287.html\">https:\/\/www.wp.de\/sport\/lokalsport\/hagen\/martin-riesner-ueber-bvb-frauen-finde-das-bemitleidenswert-id236023287.html<\/a><\/p>\n\n\n\n<p>Hallo zusammen,<\/p>\n\n\n\n<p>erstmal herzlichen Dank an die heimische Presse f\u00fcr den ausf\u00fchrlichen Bericht.<\/p>\n\n\n\n<p>Aber eine Sache m\u00f6chte ich hier gerne klar stellen. Zu meiner Zeit in Sprockh\u00f6vel habe ich die zweite Mannschaft gecoacht und nicht Lena Oberndorf.<\/p>\n\n\n\n<p>Lena und ihren Bruder Tim (auch ein erfolgreicher Fu\u00dfballspieler) habe ich zu dieser Zeit kennengelernt.<\/p>\n\n\n\n<p>Ich bitte den Kommunikationsfehler zu entschuldigen.<\/p>\n\n\n\n<p>Der deutschen Frauennationalmannschaft um Lena und Poppi gratuliere ich zu einer super EM, es war eine tolle Werbung f\u00fcr unsere Amateure im Frauen- und M\u00e4dchen Fu\u00dfball.<\/p>\n\n\n\n<p>Gru\u00df Martin Riesner<\/p>\n\n\n\n<figure class=\"wp-block-image size-full\"><img loading=\"lazy\" decoding=\"async\" width=\"667\" height=\"508\" src=\"http:\/\/www.westfalia-hagen.de\/westfalia_neu\/wp-content\/uploads\/2022\/08\/mrwest.jpg\" alt=\"\" class=\"wp-image-6828\" srcset=\"https:\/\/www.westfalia-hagen.de\/westfalia_neu\/wp-content\/uploads\/2022\/08\/mrwest.jpg 667w, https:\/\/www.westfalia-hagen.de\/westfalia_neu\/wp-content\/uploads\/2022\/08\/mrwest-300x228.jpg 300w\" sizes=\"auto, (max-width: 667px) 100vw, 667px\" \/><\/figure>\n","protected":false},"excerpt":{"rendered":"<p>Zum Zeitungsbericht am 29.07.2022 von Dominik Brendel (WP) https:\/\/www.wp.de\/sport\/lokalsport\/hagen\/martin-riesner-ueber-bvb-frauen-finde-das-bemitleidenswert-id236023287.html Hallo zusammen, erstmal [&hellip;]<\/p>\n","protected":false},"author":1,"featured_media":0,"comment_status":"closed","ping_status":"open","sticky":false,"template":"","format":"standard","meta":{"footnotes":""},"categories":[1],"tags":[],"class_list":["post-6827","post","type-post","status-publish","format-standard","hentry","category-allgemein"],"_links":{"self":[{"href":"https:\/\/www.westfalia-hagen.de\/westfalia_neu\/wp-json\/wp\/v2\/posts\/6827","targetHints":{"allow":["GET"]}}],"collection":[{"href":"https:\/\/www.westfalia-hagen.de\/westfalia_neu\/wp-json\/wp\/v2\/posts"}],"about":[{"href":"https:\/\/www.westfalia-hagen.de\/westfalia_neu\/wp-json\/wp\/v2\/types\/post"}],"author":[{"embeddable":true,"href":"https:\/\/www.westfalia-hagen.de\/westfalia_neu\/wp-json\/wp\/v2\/users\/1"}],"replies":[{"embeddable":true,"href":"https:\/\/www.westfalia-hagen.de\/westfalia_neu\/wp-json\/wp\/v2\/comments?post=6827"}],"version-history":[{"count":1,"href":"https:\/\/www.westfalia-hagen.de\/westfalia_neu\/wp-json\/wp\/v2\/posts\/6827\/revisions"}],"predecessor-version":[{"id":6829,"href":"https:\/\/www.westfalia-hagen.de\/westfalia_neu\/wp-json\/wp\/v2\/posts\/6827\/revisions\/6829"}],"wp:attachment":[{"href":"https:\/\/www.westfalia-hagen.de\/westfalia_neu\/wp-json\/wp\/v2\/media?parent=6827"}],"wp:term":[{"taxonomy":"category","embeddable":true,"href":"https:\/\/www.westfalia-hagen.de\/westfalia_neu\/wp-json\/wp\/v2\/categories?post=6827"},{"taxonomy":"post_tag","embeddable":true,"href":"https:\/\/www.westfalia-hagen.de\/westfalia_neu\/wp-json\/wp\/v2\/tags?post=6827"}],"curies":[{"name":"wp","href":"https:\/\/api.w.org\/{rel}","templated":true}]}}